{"id":39904,"date":"2021-03-26T13:12:16","date_gmt":"2021-03-26T12:12:16","guid":{"rendered":"https:\/\/www.musei.re.it\/en\/?p=39904"},"modified":"2021-03-26T13:12:16","modified_gmt":"2021-03-26T12:12:16","slug":"cosa-succede-in-citta-chiostri-di-san-pietro","status":"publish","type":"post","link":"https:\/\/www.musei.re.it\/en\/cosa-succede-in-citta-chiostri-di-san-pietro\/","title":{"rendered":"#CosasuccedeinCitt\u00e0 \/ I Chiostri di San Pietro"},"content":{"rendered":"<p><strong>Una sede eccezionale per mostre ed eventi temporanei e un laboratorio aperto dedicato all&#8217;innovazione sociale<br \/>\n<\/strong><br \/>\nNel 2017, il Comune di Reggio Emilia, grazie al finanziamento del Por-Fesr Emilia-Romagna 2014-2020, Asse 6 \u201cCitt\u00e0 attrattive e partecipate\u201d, ha potuto dare avvio ai lavori di recupero e valorizzazione dei bellissimi chiostri cinquecenteschi di San Pietro &#8211; il cui cortile grande \u00e8 attribuito a Giulio Romano \u2013 che ha previsto anche la realizzazione di un nuovo edificio che ospita il <strong>Laboratorio Aperto Urbano per l\u2019innovazione sociale<\/strong>.<br \/>\nA marzo 2019 la conclusione del complesso intervento di restauro ha consentito di restituire alla citt\u00e0 un luogo aperto e fruibile tutto l\u2019anno, polo culturale e di innovazione di rilievo internazionale, e di far nascere il Laboratorio Aperto, luogo di partecipazione e confronto, di socialit\u00e0 e innovazione aperta e diffusa.<br \/>\nIl progetto &#8211; affidato dal Comune allo studio ZAA Zamboni Associati Architettura &#8211; ha riguardato essenzialmente tre interventi fortemente intrecciati: il restauro conservativo del corpo monumentale rinascimentale; la demolizione dei bassi servizi retrostanti con la realizzazione, al loro posto, del nuovo fabbricato destinato a ospitare, insieme all\u2019antica scuderia anch\u2019essa restaurata, gli spazi del Laboratorio Aperto; la sistemazione dei cortili in comune fra i due edifici, trasformati, grazie alla nuova pavimentazione, alla piantumazione di alberi e a un nuovo sistema di illuminazione, in piacevoli luoghi di relazione pubblica oltre che di attraversamento urbano.<\/p>\n<p>L\u2019intervento, realizzato sotto la supervisione della Soprintendenza, ha dato vita a un equilibrato rapporto tra antico e contemporaneo, che stimola nuove relazioni e l\u2019insediamento di nuovi usi compatibili con il bene vincolato, con attenzione anche al ruolo sociale della rigenerazione urbana.<\/p>\n<p>[column size=&#8221;one-half&#8221; position=&#8221;first&#8221;]<a href=\"https:\/\/www.musei.re.it\/en\/wp-content\/uploads\/sites\/2\/2021\/03\/IMG_7797.jpg\"><img loading=\"lazy\" decoding=\"async\" class=\"alignnone wp-image-40098\" src=\"https:\/\/www.musei.re.it\/en\/wp-content\/uploads\/sites\/2\/2021\/03\/IMG_7797-480x319.jpg\" alt=\"\" width=\"350\" height=\"233\" \/><\/a><em><span style=\"color: #54595d;\">\u00a9Riccardo Varini\u00a0<\/span><\/em><br \/>\n[\/column][column size=&#8221;one-half&#8221; position=&#8221;last&#8221;]<a href=\"https:\/\/www.musei.re.it\/en\/wp-content\/uploads\/sites\/2\/2021\/03\/FE2019-Chiostri-S.-Pietro-_-Giulia-Gibertini-241.jpg\"><img loading=\"lazy\" decoding=\"async\" class=\"alignnone wp-image-39913\" src=\"https:\/\/www.musei.re.it\/en\/wp-content\/uploads\/sites\/2\/2021\/03\/FE2019-Chiostri-S.-Pietro-_-Giulia-Gibertini-241-480x320.jpg\" alt=\"\" width=\"350\" height=\"234\" \/><\/a><em><span style=\"color: #54595d;\">FE 2019_\u00a9Giulia Gibertini<\/span><\/em>[\/column]<\/p>\n<hr>\n<p>[column size=&#8221;one-half&#8221; position=&#8221;first&#8221;]<a href=\"https:\/\/www.musei.re.it\/en\/wp-content\/uploads\/sites\/2\/2021\/03\/FE2019-dom14.04-_-Giulia-Gibertini-177.jpg\"><img loading=\"lazy\" decoding=\"async\" class=\"wp-image-39933 aligncenter\" src=\"https:\/\/www.musei.re.it\/en\/wp-content\/uploads\/sites\/2\/2021\/03\/FE2019-dom14.04-_-Giulia-Gibertini-177-480x320.jpg\" alt=\"\" width=\"350\" height=\"234\" \/><\/a><em><span style=\"color: #54595d;\">FE 2019_\u00a9Giulia Gibertini<\/span><\/em>[\/column][column size=&#8221;one-half&#8221; position=&#8221;last&#8221;]<\/p>\n<p><a href=\"https:\/\/www.musei.re.it\/en\/wp-content\/uploads\/sites\/2\/2021\/03\/FE2019-sab13.04-_-Giulia-Gibertini-289.jpg\"><img loading=\"lazy\" decoding=\"async\" class=\"wp-image-40092\" src=\"https:\/\/www.musei.re.it\/en\/wp-content\/uploads\/sites\/2\/2021\/03\/FE2019-sab13.04-_-Giulia-Gibertini-289-480x320.jpg\" alt=\"\" width=\"350\" height=\"233\" \/><\/a><em><span style=\"color: #54595d;\">FE 2019_\u00a9Giulia Gibertini<\/span><\/em>[\/column]<\/p>\n<p class=\"western\" style=\"text-align: justify;\"><strong>Il corpo monumentale<br \/>\n<\/strong>Per il restauro del corpo monumentale si \u00e8 scelto un <strong>intervento di tipo conservativo<\/strong>, per mantenere il carattere di \u201cnon finito\u201d che ha sempre affascinato i visitatori sin dalla loro riscoperta nel 2010 grazie alle mostre di Fotografia Europea ed altri eventi temporanei, dopo un lungo periodo di inaccessibilit\u00e0 del luogo. Con un ottimo adeguamento della dotazione funzionale, l&#8217;edificio \u00e8 ora finalmente utilizzabile per attivit\u00e0 espositive e spettacoli durante tutto l&#8217;arco dell&#8217;anno.<br \/>\nA fine 2020 \u00e8 stato costituito un Comitato Tecnico Scientifico preposto alla programmazione e coordinamento delle attivit\u00e0 culturali del complesso monumentale in linea con la filosofia che i Chiostri si sono dati: la diffusione dei valori dell\u2019arte, dello spettacolo, della creativit\u00e0 e della educazione con l\u2019intento di <strong>promozione della cultura contemporanea e internazionale<\/strong>, della produzione multidisciplinare, della valorizzazione delle arti visive, attraverso anche lo scambio di saperi e di competenze, la sperimentazione e l\u2019<strong>attivazione di relazioni sociali<\/strong>.<\/p>\n<p>Il Comitato \u00e8 formato dal Comune insieme a Fondazione I Teatri, Fondazione Nazionale della Danza, Fondazione Palazzo Magnani, Istituto Superiore di Studi Musicali Peri-Merulo, Consorzio Quarantacinque (con Consorzio Oscar Romero) &#8211; Soggetto Concessionario del Laboratorio Aperto Urbano e incaricato della gestione del corpo monumentale &#8211; e ha il compito di supportare il Comune di Reggio Emilia nella definizione del programma del \u201cCartellone Eventi\u201d, garantendone ed assicurandone la qualit\u00e0 tecnico-scientifica e il coordinamento con le attivit\u00e0 del Laboratorio Aperto.<br \/>\nL&#8217;idea \u00e8 quella di dare ulteriore continuit\u00e0 e impulso alla manifestazione &#8220;Fotografia Europea&#8221;, oltre che di realizzare almeno altre due mostre importanti durante l&#8217;anno negli spazi espositivi; di prevedere un programma estivo di eventi di spettacolo di alta qualit\u00e0 nei Chiostri e in altri spazi a disposizione, oltre che proporre laboratori didattici sia per la valorizzazione delle attivit\u00e0 specifiche in corso, che per la promozione di un bene architettonico di rara bellezza. Altre attivit\u00e0, inoltre, potranno essere ospitate se pertinenti con la filosofia del complesso.<\/p>\n<p>[column size=&#8221;one-half&#8221; position=&#8221;first&#8221;]<\/p>\n<p><a href=\"https:\/\/www.musei.re.it\/en\/wp-content\/uploads\/sites\/2\/2021\/03\/SAS2309.jpg\"><img loading=\"lazy\" decoding=\"async\" class=\"alignnone wp-image-39935\" src=\"https:\/\/www.musei.re.it\/en\/wp-content\/uploads\/sites\/2\/2021\/03\/SAS2309-480x320.jpg\" alt=\"\" width=\"350\" height=\"234\" \/><\/a><em><span style=\"color: #54595d;\">\u00a9Salvatore Santoro<\/span><\/em>[\/column][column size=&#8221;one-half&#8221; position=&#8221;last&#8221;]<br \/>\n<a href=\"https:\/\/www.musei.re.it\/en\/wp-content\/uploads\/sites\/2\/2021\/03\/SAS2378.jpg\"><img loading=\"lazy\" decoding=\"async\" class=\"alignnone wp-image-39937\" src=\"https:\/\/www.musei.re.it\/en\/wp-content\/uploads\/sites\/2\/2021\/03\/SAS2378-480x320.jpg\" alt=\"\" width=\"350\" height=\"234\" \/><\/a><em><span style=\"color: #54595d;\">\u00a9Salvatore Santoro<\/span><\/em>[\/column]<\/p>\n<p>&nbsp;<\/p>\n<p><strong>Il Laboratorio aperto<\/strong><br \/>\nI Chiostri sono anche sede di uno dei dieci<b> Laboratori Aperti<\/b>, elemento chiave dell\u2019Agenda Urbana del Por Fesr 2014-2020 della Regione Emilia-Romagna. L\u2019obiettivo \u00e8 quello di promuovere \u201cCitt\u00e0 attrattive e partecipate\u201d e mettere in collegamento il tema della <b>qualit\u00e0 urbana<\/b> delle citt\u00e0 con l\u2019<strong>innovazione sociale<\/strong>.<br \/>\nIl Laboratorio Aperto \u00e8 uno spazio in cui si sviluppano forme di confronto, cooperazione e collaborazione tra imprese, cittadinanza, terzo settore, universit\u00e0, mondo della ricerca e pubblica amministrazione. \u00c8 un\u2019occasione di incontro tra diversi soggetti e diverse competenze, per scambiare conoscenza, originare pensiero critico e generare idee innovative che favoriscano lo scambio e la contaminazione di saperi sociali, economici e tecnologici.<\/p>\n<p>Nello specifico, il Laboratorio Aperto reggiano sperimenta forme di progettazione aperte e partecipative, e fonda le sue attivit\u00e0 su nuove dimensioni di economia collaborativa, sui beni comuni e sulla cultura digitale. Il Laboratorio anima la <strong><em>community<\/em> reggiana dell\u2019innovazione sociale<\/strong>, sperimenta e sviluppa nuove soluzioni in termini di servizi, prodotti, organizzazioni e processi per dare risposta a vecchi e nuovi bisogni della comunit\u00e0 e del territorio in una logica di <em>open innovation<\/em>.<br \/>\nAll\u2019interno del Laboratorio Aperto, negli spazi annessi al complesso monumentale un tempo sede della scuderia, sono allestite comode postazioni di studio e lavoro, progettate per fornire spazio e servizi &#8211; informatici, tecnologici e non solo &#8211; a giovani professionisti, <em>freelance<\/em> e <em>smartworkers<\/em>, portatori di iniziative di carattere creativo utili agli obiettivi della cooperazione sociale.<span style=\"font-family: Helvetica, sans-serif;\"><span style=\"font-size: small;\"><br \/>\n<\/span><\/span><\/p>\n<p>[column size=&#8221;one-half&#8221; position=&#8221;first&#8221;]<a href=\"https:\/\/www.musei.re.it\/en\/wp-content\/uploads\/sites\/2\/2021\/03\/FE2019-ven12.04-_-Giulia-Gibertini-3.jpg\"><img loading=\"lazy\" decoding=\"async\" class=\"aligncenter wp-image-39926\" src=\"https:\/\/www.musei.re.it\/en\/wp-content\/uploads\/sites\/2\/2021\/03\/FE2019-ven12.04-_-Giulia-Gibertini-3-480x320.jpg\" alt=\"\" width=\"350\" height=\"234\" \/><\/a><em><span style=\"color: #54595d;\">FE 2019_\u00a9Giulia Gibertini<\/span><\/em>[\/column][column size=&#8221;one-half&#8221; position=&#8221;last&#8221;]<\/p>\n<p><a href=\"https:\/\/www.musei.re.it\/en\/wp-content\/uploads\/sites\/2\/2021\/03\/FE2019-ven12.04-_-Giulia-Gibertini-249.jpg\"><img loading=\"lazy\" decoding=\"async\" class=\"wp-image-40090\" src=\"https:\/\/www.musei.re.it\/en\/wp-content\/uploads\/sites\/2\/2021\/03\/FE2019-ven12.04-_-Giulia-Gibertini-249-480x320.jpg\" alt=\"\" width=\"350\" height=\"233\" \/><\/a><em><span style=\"color: #54595d;\">FE 2019_\u00a9Giulia Gibertini<\/span><\/em>[\/column]<\/p>\n<p class=\"western\" style=\"text-align: justify;\"><span style=\"font-family: Helvetica, sans-serif;\"><span style=\"font-size: small;\"><b>La Caffetteria<br \/>\n<\/b><\/span><\/span>La caffetteria \u00e8 un nuovo spazio nato per accogliere i visitatori delle mostre, gli ospiti del Laboratorio Aperto e del <em>co-working<\/em>, e in generale tutte le persone che quotidianamente frequentano i Chiostri e il centro storico di Reggio Emilia. Gestito da Pause-Atelier dei Sapori \u00e8 molto pi\u00f9 di una caffetteria: spazio di convivialit\u00e0 e di relazione, di studio ed anche di ricerca che, non appena la pandemia lo consentir\u00e0, stupir\u00e0 con una proposta davvero originale.<\/p>\n<p class=\"western\" style=\"text-align: justify;\"><b>La comunicazione dei Chiostri<em style=\"text-align: center;\"><span style=\"color: #54595d;\">\u00a0 \u00a0 \u00a0 \u00a0 \u00a0 \u00a0 \u00a0 \u00a0 <\/span><\/em><br \/>\n<\/b>La complessit\u00e0 dell\u2019offerta di contenuti e di esperienze dei Chiostri trova una sintesi in un sistema di informazione e comunicazione digitale in grado di rappresentare nel web le tante cose che accadono nello spazio fisico dei Chiostri e del Laboratorio Aperto: eventi d\u2019arte, workshop, notizie, storie raccontate giorno per giorno, anche col ricorso a foto e video che restituiscano la bellezza e la memoria dei luoghi.<\/p>\n<p class=\"western\" style=\"text-align: justify;\"><span style=\"font-family: Helvetica, sans-serif;\"><span style=\"font-size: small;\"><b>Riconoscimenti<br \/>\n<\/b><\/span><\/span>&#8211; Giugno 2020: l\u2019Europa premia il progetto di riqualificazione dei Chiostri di San Pietro, e lo inserisce tra le pratiche pi\u00f9 innovative del bando europeo <strong>Cultural Heritage in Action.<\/strong><br \/>\n&#8211; Ottobre 2020: menzioni d\u2019onore del premio <strong>IN\/ARCH Emilia-Romagna e Lombardia<\/strong> nella categoria Rigenerazione urbana \u201cper la delicatezza e la funzionalit\u00e0 con cui \u00e8 stato recuperato lo spazio urbano con rigore\u201d.<\/p>\n<p><a href=\"\/?page_id=40085\"><em>Francesca Monti<\/em><\/a><\/p>\n<p><em><span style=\"color: #54595d;\">Immagini di copertina \u00a9Riccardo Varini\u00a0 <\/span><\/em><\/p>\n<p class=\"western\"><strong>Link<br \/>\n<\/strong><a href=\"https:\/\/www.chiostrisanpietro.it\/\">https:\/\/www.chiostrisanpietro.it\/<\/a><br \/>\n<a href=\"https:\/\/www.facebook.com\/chiostrisanpietro\">https:\/\/www.facebook.com\/chiostrisanpietro<\/a><br \/>\n<a href=\"https:\/\/www.instagram.com\/chiostrisanpietro\/\">https:\/\/www.instagram.com\/chiostrisanpietro\/<\/a><\/p>\n<p>&nbsp;<\/p>\n<p class=\"western\">\n","protected":false},"excerpt":{"rendered":"<p>Una sede eccezionale per mostre ed eventi temporanei e un laboratorio aperto dedicato all&#8217;innovazione sociale Nel 2017, il Comune di Reggio Emilia, grazie al finanziamento del [&hellip;]<\/p>\n","protected":false},"author":5,"featured_media":40069,"comment_status":"closed","ping_status":"closed","sticky":false,"template":"","format":"standard","meta":{"inline_featured_image":false,"footnotes":""},"categories":[2,1],"tags":[],"class_list":["post-39904","post","type-post","status-publish","format-standard","has-post-thumbnail","hentry","category-blog","category-notizie"],"_links":{"self":[{"href":"https:\/\/www.musei.re.it\/en\/wp-json\/wp\/v2\/posts\/39904","targetHints":{"allow":["GET"]}}],"collection":[{"href":"https:\/\/www.musei.re.it\/en\/wp-json\/wp\/v2\/posts"}],"about":[{"href":"https:\/\/www.musei.re.it\/en\/wp-json\/wp\/v2\/types\/post"}],"author":[{"embeddable":true,"href":"https:\/\/www.musei.re.it\/en\/wp-json\/wp\/v2\/users\/5"}],"replies":[{"embeddable":true,"href":"https:\/\/www.musei.re.it\/en\/wp-json\/wp\/v2\/comments?post=39904"}],"version-history":[{"count":0,"href":"https:\/\/www.musei.re.it\/en\/wp-json\/wp\/v2\/posts\/39904\/revisions"}],"wp:featuredmedia":[{"embeddable":true,"href":"https:\/\/www.musei.re.it\/en\/wp-json\/"}],"wp:attachment":[{"href":"https:\/\/www.musei.re.it\/en\/wp-json\/wp\/v2\/media?parent=39904"}],"wp:term":[{"taxonomy":"category","embeddable":true,"href":"https:\/\/www.musei.re.it\/en\/wp-json\/wp\/v2\/categories?post=39904"},{"taxonomy":"post_tag","embeddable":true,"href":"https:\/\/www.musei.re.it\/en\/wp-json\/wp\/v2\/tags?post=39904"}],"curies":[{"name":"wp","href":"https:\/\/api.w.org\/{rel}","templated":true}]}}