{"id":48616,"date":"2013-10-24T12:18:40","date_gmt":"2013-10-24T10:18:40","guid":{"rendered":"https:\/\/www.musei.re.it\/en\/?p=48616"},"modified":"2024-09-16T13:18:01","modified_gmt":"2024-09-16T11:18:01","slug":"il-paggio-di-ottorino-davoli-torna-a-reggio-emilia","status":"publish","type":"post","link":"https:\/\/www.musei.re.it\/en\/il-paggio-di-ottorino-davoli-torna-a-reggio-emilia\/","title":{"rendered":"Il Paggio di Ottorino Davoli torna a Reggio Emilia"},"content":{"rendered":"<p>Musei Civici di Palazzo San Francesco, v. Spallanzani, 1<br \/>\ndal 27 ottobre<\/p>\n<p style=\"text-align: right;\"><em>Aveva gi\u00e0 dipinto il suo capolavoro nel 1905, quando aveva diciassette anni, divenuto poi noto con il titolo Il paggetto. Il Paggetto \u00e8 l\u2019opera di un \u00abpuro folle del colore\u00bb. \u00c8 di un tono rosso giocato su infinite modulazioni, dal cupo al fiammeggiante, dal vellutato al serico. Solo a diciassette anni si pu\u00f2 dipingere in quel modo, quando si sia dotati come Davoli.<\/em><\/p>\n<p style=\"text-align: right;\">Giannino Degani<\/p>\n<p>&nbsp;<\/p>\n<p>Con queste parole Giannino Degani descrive, nel 1949, l\u2019opera pi\u00f9 affascinate e misteriosa di Ottorino Davoli. Affascinante per la sua bellezza e la sua irruenza, misteriosa per la scarsit\u00e0 di notizie ad essa legate fino a pochi mesi fa.<\/p>\n<p>Ottorino Davoli (1888-1945) nasce a Reggio Emilia e fin da bambino dimostra uno straordinario talento artistico. Frequenta l\u2019Accademia di Brera a Milano e completa la sua formazione tra Roma e Firenze. Dal 1935 fino alla morte \u00e8 professore di Ornato presso il Liceo Artistico di Venezia.<\/p>\n<p>Il Paggio, o Paggetto, opera del 1905, \u00e8 una delle prime e pi\u00f9 importanti prove del pittore reggiano, quella che dest\u00f2 pi\u00f9 scalpore e ammirazione nell\u2019ambiente locale. Per ricostruire la storia di questo dipinto, si pu\u00f2 partire da una foto del 1923 in cui Davoli \u00e8 ritratto nel suo studio mentre dipinge un paesaggio. Alle spalle della tela fa capolino, tra le assi del cavalletto, l\u2019inconfondibile volto del giovane in costume. Il paggetto orn\u00f2 per anni lo studio di Giannino Degani che \u00e8 attento ammiratore, riconoscendone con consueta acutezza l\u2019estro, i pregi e i difetti, di tutta l\u2019arte di Davoli con cui ha una stabile e profonda amicizia.<\/p>\n<p>Giannino Degani (1900 \u2013 1977) \u00e8 un personaggio di fondamentale importanza per Reggio Emilia e uno dei principali punti di riferimento intellettuali; oltre ad aver attraversato da protagonista le fasi pi\u00f9 delicate del Novecento \u2013 il fascismo, la Resistenza, la partecipazione alla vita politica e culturale della citt\u00e0, si interessa di storia, di politica, di arte e letteratura. Collabora con numerosi giornali locali e nazionali (tra cui l\u2019Unit\u00e0), pubblica romanzi e racconti. Frequenta artisti e scrittori tra cui Cesare Zavattini che di Degani ha lasciato anche un ricordo: \u00abbastava osservare alcuni rossori di Giannino improvvisi per capire quanto fuoco ci fosse sotto la cenere rurale, come una vigilia continua di altro, di diverso da quello che si era condensato da anni e anni\u00bb.<\/p>\n<p>Il dipinto \u00e8 rimasto nell\u2019oblio per anni fino a quando Francesca Degani lo ha riscoperto nell\u2019appartamento torinese appartenuto al padre Iacopo, assieme a due ritratti di famiglia dipinti da Davoli: uno che rappresenta Giannino Degani in toga di avvocato e un altro proprio un giovanissimo Iacopo. Con sincera gratitudine i Musei Civici di Reggio Emilia possono finalmente ospitare uno dei capolavori dell\u2019artista reggiano che meglio rappresenta la cultura locale del primo Novecento grazie al deposito generosamente concesso dalla famiglia.<\/p>\n<p>Il viaggio di ritorno del Paggetto nella natia Reggio Emilia, assieme agli altri due dipinti, sono testimonianza non solo di uno dei pi\u00f9 felici momenti artistici del nostro pittore, ma anche di un sodalizio intellettuale e umano nato e consolidatosi nella piccola e provinciale realt\u00e0 reggiana da cui il nostro Davoli fuggir\u00e0 un po\u2019 amareggiato e in cui invece Degani rimarr\u00e0 per tutta la vita riuscendo a rintracciare, proprio nella \u201cprovincia\u201d, un paradigma culturale.<\/p>\n","protected":false},"excerpt":{"rendered":"<p>Musei Civici di Palazzo San Francesco, v. Spallanzani, 1 dal 27 ottobre Aveva gi\u00e0 dipinto il suo capolavoro nel 1905, quando aveva diciassette anni, divenuto poi [&hellip;]<\/p>\n","protected":false},"author":5,"featured_media":48617,"comment_status":"closed","ping_status":"closed","sticky":false,"template":"","format":"standard","meta":{"inline_featured_image":false,"footnotes":""},"categories":[1],"tags":[],"class_list":["post-48616","post","type-post","status-publish","format-standard","has-post-thumbnail","hentry","category-notizie"],"_links":{"self":[{"href":"https:\/\/www.musei.re.it\/en\/wp-json\/wp\/v2\/posts\/48616","targetHints":{"allow":["GET"]}}],"collection":[{"href":"https:\/\/www.musei.re.it\/en\/wp-json\/wp\/v2\/posts"}],"about":[{"href":"https:\/\/www.musei.re.it\/en\/wp-json\/wp\/v2\/types\/post"}],"author":[{"embeddable":true,"href":"https:\/\/www.musei.re.it\/en\/wp-json\/wp\/v2\/users\/5"}],"replies":[{"embeddable":true,"href":"https:\/\/www.musei.re.it\/en\/wp-json\/wp\/v2\/comments?post=48616"}],"version-history":[{"count":3,"href":"https:\/\/www.musei.re.it\/en\/wp-json\/wp\/v2\/posts\/48616\/revisions"}],"predecessor-version":[{"id":48654,"href":"https:\/\/www.musei.re.it\/en\/wp-json\/wp\/v2\/posts\/48616\/revisions\/48654"}],"wp:featuredmedia":[{"embeddable":true,"href":"https:\/\/www.musei.re.it\/en\/wp-json\/wp\/v2\/media\/48617"}],"wp:attachment":[{"href":"https:\/\/www.musei.re.it\/en\/wp-json\/wp\/v2\/media?parent=48616"}],"wp:term":[{"taxonomy":"category","embeddable":true,"href":"https:\/\/www.musei.re.it\/en\/wp-json\/wp\/v2\/categories?post=48616"},{"taxonomy":"post_tag","embeddable":true,"href":"https:\/\/www.musei.re.it\/en\/wp-json\/wp\/v2\/tags?post=48616"}],"curies":[{"name":"wp","href":"https:\/\/api.w.org\/{rel}","templated":true}]}}