{"id":48785,"date":"2020-08-12T10:34:04","date_gmt":"2020-08-12T08:34:04","guid":{"rendered":"https:\/\/www.musei.re.it\/en\/?p=48785"},"modified":"2024-09-17T10:37:51","modified_gmt":"2024-09-17T08:37:51","slug":"art-ad-virus-malattia-performance","status":"publish","type":"post","link":"https:\/\/www.musei.re.it\/en\/art-ad-virus-malattia-performance\/","title":{"rendered":"Art Ad.Virus | MALATTIA performance"},"content":{"rendered":"<p style=\"text-align: justify;\">\u201cQuesta piazza \u00e8 una potenza e io credo che dimostri che i progetti fatti con il cuore fanno risuonare le anime. A Reggio Emilia stasera credo che ci siano davvero tante anime\u201d<\/p>\n<p style=\"text-align: justify;\">Annalisa Rabitti, Assessora a Cultura, Marketing Territoriale, Pari Opportunit\u00e0 e Responsabile progetto Reggio Emilia Citt\u00e0 Senza Barriere, apre cos\u00ec <strong>Notte di Luce,<\/strong> un evento che da pi\u00f9 anni si celebra in occasione della Giornata internazionale delle persone con disabilit\u00e0.<br \/>\nUna comunit\u00e0 intera che, l\u20191 Dicembre di ogni anno, anima piazze e strade della nostra citt\u00e0, adottando una nuova visione che pone al centro la persona e la sua rete di relazioni.<\/p>\n<p style=\"text-align: justify;\">Sostenere la coesione sociale significa infatti, valorizzare i legami tra i membri della societ\u00e0 e promuovere l\u2019assunzione collettiva di responsabilit\u00e0: la responsabilit\u00e0 dell\u2019altro che ogni partecipante dimostra di volersi assumere accendendo una candela simbolo del valore della differenza e l\u2019attenzione verso le persone con disabilit\u00e0. La musica in sottofondo \u00e8 la colonna sonora di una coreografia non usuale per le fredde strade del centro d\u2019inverno e la serata trascorre tra schiamazzi, risa e persone di tutti i generi ed et\u00e0 che tengono strette tra le mani un lumino, oppure si dilettano a comporre mandala luminosi adottando la luce come simbolo di ci\u00f2 che pu\u00f2 sconfiggere l\u2019indifferenza e che pu\u00f2 aiutarci a vedere l\u2019invalidit\u00e0 come una ricchezza e una opportunit\u00e0.<br \/>\nA questo proposito sono tante le associazioni che si occupano delle persone fragili e della bellezza dei luoghi che questi soggetti abitano, dei servizi forniti che aprono alla creativit\u00e0, allo scambio, alla generativit\u00e0 dell\u2019incontro e al coraggio di non nascondere la fragilit\u00e0. Tra questi, i Musei Civici di Reggio Emilia, che organizzano tutto l\u2019anno visite guidate che coinvolgono pubblici fragili creando esperienze preziose ed importanti occasioni di crescita. Le \u201cvisite guidate facili\u201d alle collezioni e alle mostre del museo hanno come fine ultimo la consolidazione del dialogo con il pubblico speciale ed i familiari, indebolendo cos\u00ec le barriere e generando appartenenza.<br \/>\nTra le proposte pi\u00f9 profonde e coinvolgenti di Reggio Citt\u00e0 Senza Barriere, illumina come un faro di notte, \u201cLa luce negli occhi\u201d, un\u2019importante mostra realizzata nel 2016 presso i Musei Civici di Reggio Emilia con la collaborazione di Claudio Parmiggiani.<\/p>\n<p>\u00a0<img loading=\"lazy\" decoding=\"async\" class=\"size-medium wp-image-48787 aligncenter\" src=\"https:\/\/www.musei.re.it\/en\/wp-content\/uploads\/sites\/2\/2024\/09\/citta-senza-barriere2-480x321-1-300x201.jpg\" alt=\"\" width=\"300\" height=\"201\" srcset=\"https:\/\/www.musei.re.it\/en\/wp-content\/uploads\/sites\/2\/2024\/09\/citta-senza-barriere2-480x321-1-300x201.jpg 300w, https:\/\/www.musei.re.it\/en\/wp-content\/uploads\/sites\/2\/2024\/09\/citta-senza-barriere2-480x321-1.jpg 480w\" sizes=\"auto, (max-width: 300px) 100vw, 300px\" \/><\/p>\n<p style=\"text-align: justify;\">Occasione di un profondo scambio tra persone con bisogni speciali, \u00e8 stata infatti la relazione con l\u2019opera \u201cCroce di Luce\u201d composta da bracci di sette moduli per tre e un quadrato di tre moduli per tre all&#8217;incrocio dei due bracci composto da celle con pigmenti minerali puri, pigmenti vegetali, resine naturali e metallo: novantatr\u00e9 urne che disegnano una croce greca di 500 x 500 x 33.<\/p>\n<p style=\"text-align: justify;\">Tramite laboratori sensoriali, con la collaborazione dell&#8217;associazione Indaco, AUSL di Reggio Emilia e i Centri Diurni e Residenziali, \u00e8 stato possibile l\u2019incontro con le materie che stavano all\u2019interno delle urne: pigmenti e colori in una danza tra profumi ed antiche culture hanno reso il Museo un luogo capace di trasportare in mondi lontani ma anche vicini, di osservare insieme ed esplorare in gesti liberi laddove la differenza diventa ricchezza.<\/p>\n<p><img loading=\"lazy\" decoding=\"async\" class=\"size-medium wp-image-48788 aligncenter\" src=\"https:\/\/www.musei.re.it\/en\/wp-content\/uploads\/sites\/2\/2024\/09\/citta-senza-barriere3-480x319-1-300x199.jpg\" alt=\"\" width=\"300\" height=\"199\" srcset=\"https:\/\/www.musei.re.it\/en\/wp-content\/uploads\/sites\/2\/2024\/09\/citta-senza-barriere3-480x319-1-300x199.jpg 300w, https:\/\/www.musei.re.it\/en\/wp-content\/uploads\/sites\/2\/2024\/09\/citta-senza-barriere3-480x319-1.jpg 480w\" sizes=\"auto, (max-width: 300px) 100vw, 300px\" \/><\/p>\n<p>&nbsp;<\/p>\n<p><em>Benedetta Incerti<br \/>\n<\/em><em>Servizio civile volontario<\/em><\/p>\n<p>&#8212;<\/p>\n<p style=\"text-align: justify;\"><em>Art Ad.Virus \u00e8 un progetto nato e ideato con la congiunzione di diversi eventi pi\u00f9 o meno inaspettati: l\u2019evolversi della pandemia da Covid, il sopravvivere della cultura (e dell\u2019arte) nel mezzo di questa e l\u2019elezione di Parma (e anche Reggio Emilia e Piacenza) come Capitale Italiana della Cultura 2020+2021. Di fronte a questa situazione, abbiamo capito quanto fosse importante che la cultura non restasse al suo posto, ma uscisse dai luoghi a questa deputati, chiusi per il lockdown; abbiamo quindi scelto alcune tematiche che si susseguiranno con scadenza mensile, ognuna delle quali approfondita in relazione ai diversi ambiti dell\u2019arte figurativa: pittura scultura, archeologia, performances, cinema e tanti altri. Perch\u00e9 questo nome? Ci siamo ispirati alla figura lavorativa dell\u2019Art Advisor, a cui abbiamo preferito sostituire parte del nome con un termine attualissimo: virus. \u00c8 in realt\u00e0 un augurio: di farci contagiare inaspettatamente dall\u2019arte e dalla cultura che Reggio Emilia e il suo territorio offrono.<\/em><\/p>\n<p style=\"text-align: justify;\"><em>Art Ad.Virus \u00e8 un progetto a cura di Martina Ciconte, Chiara Eboli, Benedetta Incerti, Maria Chiara Mastroianni, Lorenzo Zanchin del Servizio civile volontario<\/em><\/p>\n<p>&nbsp;<\/p>\n<p>&nbsp;<\/p>\n","protected":false},"excerpt":{"rendered":"<p>\u201cQuesta piazza \u00e8 una potenza e io credo che dimostri che i progetti fatti con il cuore fanno risuonare le anime. A Reggio Emilia stasera credo [&hellip;]<\/p>\n","protected":false},"author":5,"featured_media":48786,"comment_status":"closed","ping_status":"closed","sticky":false,"template":"","format":"standard","meta":{"inline_featured_image":false,"footnotes":""},"categories":[1],"tags":[],"class_list":["post-48785","post","type-post","status-publish","format-standard","has-post-thumbnail","hentry","category-notizie"],"_links":{"self":[{"href":"https:\/\/www.musei.re.it\/en\/wp-json\/wp\/v2\/posts\/48785","targetHints":{"allow":["GET"]}}],"collection":[{"href":"https:\/\/www.musei.re.it\/en\/wp-json\/wp\/v2\/posts"}],"about":[{"href":"https:\/\/www.musei.re.it\/en\/wp-json\/wp\/v2\/types\/post"}],"author":[{"embeddable":true,"href":"https:\/\/www.musei.re.it\/en\/wp-json\/wp\/v2\/users\/5"}],"replies":[{"embeddable":true,"href":"https:\/\/www.musei.re.it\/en\/wp-json\/wp\/v2\/comments?post=48785"}],"version-history":[{"count":3,"href":"https:\/\/www.musei.re.it\/en\/wp-json\/wp\/v2\/posts\/48785\/revisions"}],"predecessor-version":[{"id":48791,"href":"https:\/\/www.musei.re.it\/en\/wp-json\/wp\/v2\/posts\/48785\/revisions\/48791"}],"wp:featuredmedia":[{"embeddable":true,"href":"https:\/\/www.musei.re.it\/en\/wp-json\/wp\/v2\/media\/48786"}],"wp:attachment":[{"href":"https:\/\/www.musei.re.it\/en\/wp-json\/wp\/v2\/media?parent=48785"}],"wp:term":[{"taxonomy":"category","embeddable":true,"href":"https:\/\/www.musei.re.it\/en\/wp-json\/wp\/v2\/categories?post=48785"},{"taxonomy":"post_tag","embeddable":true,"href":"https:\/\/www.musei.re.it\/en\/wp-json\/wp\/v2\/tags?post=48785"}],"curies":[{"name":"wp","href":"https:\/\/api.w.org\/{rel}","templated":true}]}}