{"id":49586,"date":"2016-04-18T17:33:10","date_gmt":"2016-04-18T15:33:10","guid":{"rendered":"https:\/\/www.musei.re.it\/en\/?p=49586"},"modified":"2024-10-18T17:35:54","modified_gmt":"2024-10-18T15:35:54","slug":"ilmuseofuori-2","status":"publish","type":"post","link":"https:\/\/www.musei.re.it\/en\/ilmuseofuori-2\/","title":{"rendered":"#IlMuseoFuori"},"content":{"rendered":"<p><strong>LA LINEA CONTINUA&#8230;a Rimini!<\/strong><\/p>\n<h6>I disegni dei Musei Civici di Reggio Emilia in viaggio verso la Biennale del Disegno di Rimini.<\/h6>\n<p>I Musei di Reggio Emilia possiedono un tesoro costituito da migliaia di disegni dal Cinquecento al Novecento. Un tesoro \u201cnascosto\u201d perch\u00e9 la fragile natura di queste opere su carta non consente la loro esposizione se non per periodi limitati di tempo. Con l\u2019occasione della pubblicazione del volume sui disegni antichi dei Musei Civici di Reggio Emilia, promossa dalla Fondazione Manodori di Reggio Emilia, presso Palazzo dei Musei \u00e8 stata organizzata \u2013 dal 19 dicembre 2015 al 28 marzo 2016 &#8211; un&#8217;esposizione che ha presentato una selezione della collezione di disegni proponendo un ideale dialogo tra opere antiche, opere del XIX secolo e del Novecento e disegni contemporanei. Prezioso contributo all\u2019iniziativa espositiva \u00e8 stata la sezione curata dall\u2019artista Omar Galliani, tra i protagonisti del disegno contemporaneo. Prendendo spunto da un foglio di Antonio Fontanesi, Galliani ha offerto con una nuova grande opera un\u2019interpretazione attuale dei temi del passato, disponendo poi in una sezione della mostra una piccola antologica in costante e serrato dialogo con alcuni disegni antichi. La mostra \u2013 curata da Alessandra Bigi Iotti, Elisabetta Farioli, Alessandro Gazzotti, Giulio Zavatta \u2013 viene ora riproposta in forma integrale alla Biennale del disegno di Rimini, al Museo della Citt\u00e0 via Tonini 1, dal 23 aprile al 10 luglio 2016 .<\/p>\n<p><strong>La Biennale del Disegno di Rimini<\/strong><\/p>\n<p>Inaugura il 23 aprile 2016 la seconda edizione della Biennale del Disegno di Rimini dal titolo \u201cProfili del mondo\u201d \u2013 Prestiti prestigiosi e opere inedite per l\u2019evento dell\u2019estate, con 27 mostre aperte fino al 10 luglio e 2.000 opere, un percorso tra grandi artisti che accosta classici e contemporanei, vicini per affinit\u00e0 o per ispirazione \u2013 I preziosi disegni antichi di Guido Reni, Guercino, Tiepolo, Chini, Canaletto, dialogano con la modernit\u00e0 di Francis Bacon, Andrea Pazienza, Mario Schifano, Kiki Smith, Giuseppe Penone \u2013 Inoltre le mostre monografiche su Rambelli, Sironi, Pericoli \u2013 Pi\u00f9 di mille gli artisti esposti lungo un itinerario nei luoghi pubblici pi\u00f9 attraenti della citt\u00e0: il Museo della Citt\u00e0, Castel Sismondo, il Teatro Galli, Palazzo Gambalunga, la FAR (Fabbrica Arte Rimini), il Museo degli Sguardi, l\u2019Ala Nuova del Museo della citt\u00e0 (Cantiere Disegno), il Complesso degli Agostiniani, ecc.<br \/>\nNon \u00e8 azzardato affermare che il primo disegno, tracciato sulla terra nuda o sul muro di una grotta, abbia inventato la Storia: l\u2019antilope, la lancia e il cacciatore sono stati forse i primi ideogrammi di una narrazione e di un repertorio che ancora non accenna ad arrestarsi.<br \/>\nParte da questa riflessione, la seconda edizione della Biennale del Disegno di Rimini dal titolo \u201cProfili dal mondo\u201d, che esplora la storia del disegno come racconto naturale e antologico del paesaggio, e dell\u2019umano paesaggio, confermando la vocazione di Rimini, celebre localit\u00e0 di mare, non solo al turismo, ma anche alla cultura e all\u2019arte.<\/p>\n<p><span style=\"text-decoration: underline\"><a href=\"http:\/\/www.biennaledisegnorimini.it\/mostre\/la-linea-continua-disegni-dei-musei-civici-di-reggio-emilia-da-lelio-orsi-a-omar-galliani\/\" target=\"_blank\" rel=\"noopener\">guarda la pagina della mostra alla Biennale del Disegno di Rimin<\/a>i<\/span><\/p>\n<p><a href=\"http:\/\/www.biennaledisegnorimini.it\/anteprima-mostre-portfolio\/\" target=\"_blank\" rel=\"noopener\">guarda i programmi delle mostre ospitate alla Biennale<\/a><\/p>\n<p><span style=\"text-decoration: underline\"><a href=\"\/?page_id=15946\" target=\"_blank\" rel=\"noopener\">guarda alcune immagini delle opere esposte in mostra<\/a><\/span><\/p>\n","protected":false},"excerpt":{"rendered":"<p>LA LINEA CONTINUA&#8230;a Rimini! I disegni dei Musei Civici di Reggio Emilia in viaggio verso la Biennale del Disegno di Rimini. I Musei di Reggio Emilia [&hellip;]<\/p>\n","protected":false},"author":5,"featured_media":15900,"comment_status":"closed","ping_status":"closed","sticky":false,"template":"","format":"standard","meta":{"inline_featured_image":false,"footnotes":""},"categories":[1],"tags":[],"class_list":["post-49586","post","type-post","status-publish","format-standard","has-post-thumbnail","hentry","category-notizie"],"_links":{"self":[{"href":"https:\/\/www.musei.re.it\/en\/wp-json\/wp\/v2\/posts\/49586","targetHints":{"allow":["GET"]}}],"collection":[{"href":"https:\/\/www.musei.re.it\/en\/wp-json\/wp\/v2\/posts"}],"about":[{"href":"https:\/\/www.musei.re.it\/en\/wp-json\/wp\/v2\/types\/post"}],"author":[{"embeddable":true,"href":"https:\/\/www.musei.re.it\/en\/wp-json\/wp\/v2\/users\/5"}],"replies":[{"embeddable":true,"href":"https:\/\/www.musei.re.it\/en\/wp-json\/wp\/v2\/comments?post=49586"}],"version-history":[{"count":1,"href":"https:\/\/www.musei.re.it\/en\/wp-json\/wp\/v2\/posts\/49586\/revisions"}],"predecessor-version":[{"id":49587,"href":"https:\/\/www.musei.re.it\/en\/wp-json\/wp\/v2\/posts\/49586\/revisions\/49587"}],"wp:featuredmedia":[{"embeddable":true,"href":"https:\/\/www.musei.re.it\/en\/wp-json\/wp\/v2\/media\/15900"}],"wp:attachment":[{"href":"https:\/\/www.musei.re.it\/en\/wp-json\/wp\/v2\/media?parent=49586"}],"wp:term":[{"taxonomy":"category","embeddable":true,"href":"https:\/\/www.musei.re.it\/en\/wp-json\/wp\/v2\/categories?post=49586"},{"taxonomy":"post_tag","embeddable":true,"href":"https:\/\/www.musei.re.it\/en\/wp-json\/wp\/v2\/tags?post=49586"}],"curies":[{"name":"wp","href":"https:\/\/api.w.org\/{rel}","templated":true}]}}